{"id":9249,"date":"2018-07-22T15:34:52","date_gmt":"2018-07-22T18:34:52","guid":{"rendered":"http:\/\/www.portalalerta.com.br\/?p=9249"},"modified":"2018-07-22T15:34:52","modified_gmt":"2018-07-22T18:34:52","slug":"mae-que-jogou-filha-do-6andar-tentou-se-matar-na-cadeia-e-diz-estar-arrependida","status":"publish","type":"post","link":"https:\/\/www.portalalerta.com.br\/index.php\/2018\/07\/22\/mae-que-jogou-filha-do-6andar-tentou-se-matar-na-cadeia-e-diz-estar-arrependida\/","title":{"rendered":"M\u00e3e que jogou filha do 6\u00b0andar tentou se matar na cadeia e diz estar arrependida"},"content":{"rendered":"<p style=\"text-align: justify;\">Ela est\u00e1 presa em Trememb\u00e9 por homic\u00eddio e oculta\u00e7\u00e3o de cad\u00e1ver. Menina foi achada em cont\u00eainer de lixo em Santos, no litoral de S\u00e3o Paulo.<!--more--><\/p>\n<p style=\"text-align: justify;\">A ex-ginasta Ana Carolina Moraes da Silva, de 29 anos, que est\u00e1 presa por jogar a filha rec\u00e9m-nascida num duto de lixo do 6\u00ba andar de um pr\u00e9dio em Santos, no litoral de S\u00e3o Paulo, diz estar arrependida e tentou se matar na cadeia. Segundo a defesa, a cliente cometeu um &#8220;ato de desespero&#8221; por &#8220;depress\u00e3o&#8221;.<\/p>\n<p style=\"text-align: justify;\">O corpo do beb\u00ea foi encontrado por um catador de latinhas que vasculhava um contentor de lixo na Rua Bahia, no bairro Gonzaga, em 28 de junho. A pol\u00edcia chegou aos pais ao localizar um cupom fiscal no saco onde foi achada a crian\u00e7a. O casal foi preso, mas o pai conseguiu a liberdade pela Justi\u00e7a.<\/p>\n<p style=\"text-align: justify;\"><img fetchpriority=\"high\" decoding=\"async\" class=\"size-full wp-image-2867 aligncenter\" src=\"http:\/\/www.portalalerta.com.br\/wp-content\/uploads\/2017\/11\/protege-1.jpg\" alt=\"\" width=\"600\" height=\"140\" \/>Ana Carolina, segundo a advogada Let\u00edcia Giribelo, est\u00e1 presa na penitenci\u00e1ria feminina de Trememb\u00e9, no interior paulista. A defensora explica que ela escreve cartas a familiares pedindo desculpas pelo o que fez. A mulher n\u00e3o tem falado com o marido, com quem ficou sob cuidados a primeira filha do casal, de 2 anos.<\/p>\n<figure id=\"attachment_9250\" aria-describedby=\"caption-attachment-9250\" style=\"width: 500px\" class=\"wp-caption aligncenter\"><img decoding=\"async\" class=\"wp-image-9250 size-full\" src=\"http:\/\/www.portalalerta.com.br\/wp-content\/uploads\/2018\/07\/Beb\u00ea-assassinado-pela-m\u00e3e-2018.1.jpg\" alt=\"\" width=\"500\" height=\"380\" srcset=\"https:\/\/www.portalalerta.com.br\/wp-content\/uploads\/2018\/07\/Beb\u00ea-assassinado-pela-m\u00e3e-2018.1.jpg 500w, https:\/\/www.portalalerta.com.br\/wp-content\/uploads\/2018\/07\/Beb\u00ea-assassinado-pela-m\u00e3e-2018.1-316x240.jpg 316w, https:\/\/www.portalalerta.com.br\/wp-content\/uploads\/2018\/07\/Beb\u00ea-assassinado-pela-m\u00e3e-2018.1-192x146.jpg 192w, https:\/\/www.portalalerta.com.br\/wp-content\/uploads\/2018\/07\/Beb\u00ea-assassinado-pela-m\u00e3e-2018.1-50x38.jpg 50w, https:\/\/www.portalalerta.com.br\/wp-content\/uploads\/2018\/07\/Beb\u00ea-assassinado-pela-m\u00e3e-2018.1-99x75.jpg 99w\" sizes=\"(max-width: 500px) 100vw, 500px\" \/><figcaption id=\"caption-attachment-9250\" class=\"wp-caption-text\">Corpo de menina rec\u00e9m nascida foi encontrado em um saco, dentro de lata de lixo, em Santos, SP (Foto: Nirley Sena\/A Tribuna Santos)<\/figcaption><\/figure>\n<p style=\"text-align: justify;\">&#8220;Ela est\u00e1 visivelmente arrependida. Antes de ir para Trememb\u00e9, ainda na cadeia p\u00fablica de S\u00e3o Vicente, ela tentou se matar. Usou um garfo e a tampa de alum\u00ednio de uma marmita. Isso mostra a condi\u00e7\u00e3o psicol\u00f3gica dela, que n\u00e3o est\u00e1 nada bem. Ela est\u00e1 em depress\u00e3o e tudo o que fez foi num momento de desespero&#8221;.<\/p>\n<p style=\"text-align: justify;\">Let\u00edcia entende que Ana Carolina deve responder ao processo em liberdade para cuidar da filha crian\u00e7a e por n\u00e3o ter qualquer antecedente. A advogada fala que o laudo do\u00a0Instituto M\u00e9dico Legal (IML) apontou que a beb\u00ea morreu por traumatismo, e que n\u00e3o havia ind\u00edcios de asfixia, como indicou a pol\u00edcia inicialmente.<\/p>\n<p style=\"text-align: justify;\">&#8220;O laudo apontou somente traumatismo craniano. Ela n\u00e3o teve consci\u00eancia do que fez ao jogar o beb\u00ea no lixo, mas ela garante que acreditava que a crian\u00e7a\u00a0tinha nascido morta, no vaso sanit\u00e1rio. J\u00e1 pedimos uma avalia\u00e7\u00e3o psiqui\u00e1trica \u00e0 Justi\u00e7a e agora aguardamos a data para ser realizada a per\u00edcia&#8221;, explica a advogada.<\/p>\n<figure id=\"attachment_9251\" aria-describedby=\"caption-attachment-9251\" style=\"width: 500px\" class=\"wp-caption aligncenter\"><img decoding=\"async\" class=\"wp-image-9251 size-full\" src=\"http:\/\/www.portalalerta.com.br\/wp-content\/uploads\/2018\/07\/Beb\u00ea-assassinado-pela-m\u00e3e-2018.2.jpg\" alt=\"\" width=\"500\" height=\"380\" srcset=\"https:\/\/www.portalalerta.com.br\/wp-content\/uploads\/2018\/07\/Beb\u00ea-assassinado-pela-m\u00e3e-2018.2.jpg 500w, https:\/\/www.portalalerta.com.br\/wp-content\/uploads\/2018\/07\/Beb\u00ea-assassinado-pela-m\u00e3e-2018.2-316x240.jpg 316w, https:\/\/www.portalalerta.com.br\/wp-content\/uploads\/2018\/07\/Beb\u00ea-assassinado-pela-m\u00e3e-2018.2-192x146.jpg 192w, https:\/\/www.portalalerta.com.br\/wp-content\/uploads\/2018\/07\/Beb\u00ea-assassinado-pela-m\u00e3e-2018.2-50x38.jpg 50w, https:\/\/www.portalalerta.com.br\/wp-content\/uploads\/2018\/07\/Beb\u00ea-assassinado-pela-m\u00e3e-2018.2-99x75.jpg 99w\" sizes=\"(max-width: 500px) 100vw, 500px\" \/><figcaption id=\"caption-attachment-9251\" class=\"wp-caption-text\">Crian\u00e7a foi lan\u00e7ada em fosso de lixo (esq.) e caiu dentro de lixeira 6 andares abaixo (dir.) (Foto: Divulga\u00e7\u00e3o\/Pol\u00edcia Civil)<\/figcaption><\/figure>\n<p style=\"text-align: justify;\"><strong>O caso<\/strong><\/p>\n<p style=\"text-align: justify;\">A rec\u00e9m-nascida foi envolvida em dois sacos pl\u00e1sticos, al\u00e9m de jornais, len\u00e7os umedecidos e, tamb\u00e9m, uma fronha, cujo par foi encontrada dentro do apartamento do casal, e jogada do sexto andar pelo fosso de lixo do pr\u00e9dio de classe m\u00e9dia em que o casal morava, na Rua Bahia, no bairro Gonzaga.<\/p>\n<p style=\"text-align: justify;\">De acordo com o delegado Renato Mazag\u00e3o J\u00fanior, respons\u00e1vel pelo caso, no apartamento, foi localizada uma lixa met\u00e1lica e pontiaguda, o que refor\u00e7a a hip\u00f3tese de ela ter sido usada para a asfixia, j\u00e1 que a crian\u00e7a tinha ferimentos de perfura\u00e7\u00e3o no pesco\u00e7o. Ela tamb\u00e9m estava com um el\u00e1stico de cabelo na regi\u00e3o.<\/p>\n<p style=\"text-align: justify;\">O corpo foi achado pelo catador de latinhas Valdemir Oliveira, que vasculhava o lixo no momento em que notou a cabe\u00e7a do beb\u00ea em meio aos sacos. &#8220;Eu sempre fa\u00e7o esse trabalho. Dessa vez, enquanto estava mexendo no local, dei de cara com o beb\u00ea. Na hora procurei ajuda e decidi chamar a pol\u00edcia&#8221;, conta.<\/p>\n<figure id=\"attachment_9252\" aria-describedby=\"caption-attachment-9252\" style=\"width: 500px\" class=\"wp-caption aligncenter\"><img loading=\"lazy\" decoding=\"async\" class=\"wp-image-9252 size-full\" src=\"http:\/\/www.portalalerta.com.br\/wp-content\/uploads\/2018\/07\/Beb\u00ea-assassinado-pela-m\u00e3e-2018.3.jpg\" alt=\"\" width=\"500\" height=\"300\" srcset=\"https:\/\/www.portalalerta.com.br\/wp-content\/uploads\/2018\/07\/Beb\u00ea-assassinado-pela-m\u00e3e-2018.3.jpg 500w, https:\/\/www.portalalerta.com.br\/wp-content\/uploads\/2018\/07\/Beb\u00ea-assassinado-pela-m\u00e3e-2018.3-400x240.jpg 400w, https:\/\/www.portalalerta.com.br\/wp-content\/uploads\/2018\/07\/Beb\u00ea-assassinado-pela-m\u00e3e-2018.3-243x146.jpg 243w, https:\/\/www.portalalerta.com.br\/wp-content\/uploads\/2018\/07\/Beb\u00ea-assassinado-pela-m\u00e3e-2018.3-50x30.jpg 50w, https:\/\/www.portalalerta.com.br\/wp-content\/uploads\/2018\/07\/Beb\u00ea-assassinado-pela-m\u00e3e-2018.3-125x75.jpg 125w, https:\/\/www.portalalerta.com.br\/wp-content\/uploads\/2018\/07\/Beb\u00ea-assassinado-pela-m\u00e3e-2018.3-250x150.jpg 250w\" sizes=\"(max-width: 500px) 100vw, 500px\" \/><figcaption id=\"caption-attachment-9252\" class=\"wp-caption-text\">Cupom fiscal estava no saco onde foi achada a crian\u00e7a, e ajudou a localizar o pai, em Santos, SP (Foto: Divulga\u00e7\u00e3o\/Pol\u00edcia Civil)<\/figcaption><\/figure>\n<p style=\"text-align: justify;\">Um cupom fiscal da compra de um pacote de fraldas descart\u00e1veis, achado em meio ao corpo do beb\u00ea, foi o pontap\u00e9 inicial para a localiza\u00e7\u00e3o do pai da crian\u00e7a. Abordado nas redondezas do pr\u00e9dio em que morava, foi ele quem indicou que Ana Carolina e a filha, de 2 anos, estavam, em Praia Grande.<\/p>\n<p style=\"text-align: justify;\">Equipes da Pol\u00edcia Civil localizaram a m\u00e3e em um apartamento da fam\u00edlia, no bairro Avia\u00e7\u00e3o. O casal foi encaminhado ao 1\u00ba Distrito Policial de Santos. Ainda segundo o delegado, Ana Carolina trocou mensagens de texto no WhatsApp com o pai do beb\u00ea antes do crime, demonstrando insatisfa\u00e7\u00e3o com a filha e dito n\u00e3o querer &#8216;mais uma boca para comer&#8217;.<\/p>\n<p style=\"text-align: justify;\">&#8220;Havia uma conversa na qual ela dizia que eles \u2018n\u00e3o tinham condi\u00e7\u00f5es de criar mais uma boca\u2019. Ele chegou a sugerir que ela fosse embora para Ribeir\u00e3o Preto. Depois, diz &#8216;voc\u00ea matou minha filha&#8217;, seguido de &#8216;se livra disso'&#8221;, afirmou Mazag\u00e3o.<\/p>\n<p style=\"text-align: justify;\">O casal foi preso no mesmo dia, mas o pai, entretanto, foi solto na manh\u00e3 de sexta-feira (29), em decis\u00e3o que foi acompanhada pelo Minist\u00e9rio P\u00fablico. Ele foi indiciado por favorecimento pessoal. J\u00e1 a m\u00e3e segue presa at\u00e9 que as novas fases do caso sejam definidas.<\/p>\n<figure id=\"attachment_9253\" aria-describedby=\"caption-attachment-9253\" style=\"width: 500px\" class=\"wp-caption aligncenter\"><img loading=\"lazy\" decoding=\"async\" class=\"wp-image-9253 size-full\" src=\"http:\/\/www.portalalerta.com.br\/wp-content\/uploads\/2018\/07\/Beb\u00ea-assassinado-pela-m\u00e3e-2018.4.jpg\" alt=\"\" width=\"500\" height=\"300\" srcset=\"https:\/\/www.portalalerta.com.br\/wp-content\/uploads\/2018\/07\/Beb\u00ea-assassinado-pela-m\u00e3e-2018.4.jpg 500w, https:\/\/www.portalalerta.com.br\/wp-content\/uploads\/2018\/07\/Beb\u00ea-assassinado-pela-m\u00e3e-2018.4-400x240.jpg 400w, https:\/\/www.portalalerta.com.br\/wp-content\/uploads\/2018\/07\/Beb\u00ea-assassinado-pela-m\u00e3e-2018.4-243x146.jpg 243w, https:\/\/www.portalalerta.com.br\/wp-content\/uploads\/2018\/07\/Beb\u00ea-assassinado-pela-m\u00e3e-2018.4-50x30.jpg 50w, https:\/\/www.portalalerta.com.br\/wp-content\/uploads\/2018\/07\/Beb\u00ea-assassinado-pela-m\u00e3e-2018.4-125x75.jpg 125w, https:\/\/www.portalalerta.com.br\/wp-content\/uploads\/2018\/07\/Beb\u00ea-assassinado-pela-m\u00e3e-2018.4-250x150.jpg 250w\" sizes=\"(max-width: 500px) 100vw, 500px\" \/><figcaption id=\"caption-attachment-9253\" class=\"wp-caption-text\">Pol\u00edcia elucida morte de beb\u00ea encontrado em lixeira em Santos, SP (Foto: Jo\u00e3o Amaro\/G1)<\/figcaption><\/figure>\n<p style=\"text-align: justify;\"><em>Fonte: G1<\/em><\/p>\n","protected":false},"excerpt":{"rendered":"<p>Ela est\u00e1 presa em Trememb\u00e9 por homic\u00eddio e oculta\u00e7\u00e3o de cad\u00e1ver. Menina foi achada em cont\u00eainer de lixo em Santos, no litoral de S\u00e3o Paulo.<\/p>\n","protected":false},"author":2,"featured_media":9254,"comment_status":"closed","ping_status":"open","sticky":false,"template":"","format":"standard","meta":{"om_disable_all_campaigns":false,"_monsterinsights_skip_tracking":false,"_monsterinsights_sitenote_active":false,"_monsterinsights_sitenote_note":"","_monsterinsights_sitenote_category":0,"footnotes":""},"categories":[34,70,69,22],"tags":[93,546,206,650,1390,404],"class_list":["post-9249","post","type-post","status-publish","format-standard","has-post-thumbnail","hentry","category-brasil","category-destaques","category-noticias2","category-seguranca","tag-brasil","tag-crianca","tag-homicidio","tag-mae","tag-santos","tag-sao-paulo"],"aioseo_notices":[],"_links":{"self":[{"href":"https:\/\/www.portalalerta.com.br\/index.php\/wp-json\/wp\/v2\/posts\/9249","targetHints":{"allow":["GET"]}}],"collection":[{"href":"https:\/\/www.portalalerta.com.br\/index.php\/wp-json\/wp\/v2\/posts"}],"about":[{"href":"https:\/\/www.portalalerta.com.br\/index.php\/wp-json\/wp\/v2\/types\/post"}],"author":[{"embeddable":true,"href":"https:\/\/www.portalalerta.com.br\/index.php\/wp-json\/wp\/v2\/users\/2"}],"replies":[{"embeddable":true,"href":"https:\/\/www.portalalerta.com.br\/index.php\/wp-json\/wp\/v2\/comments?post=9249"}],"version-history":[{"count":0,"href":"https:\/\/www.portalalerta.com.br\/index.php\/wp-json\/wp\/v2\/posts\/9249\/revisions"}],"wp:featuredmedia":[{"embeddable":true,"href":"https:\/\/www.portalalerta.com.br\/index.php\/wp-json\/wp\/v2\/media\/9254"}],"wp:attachment":[{"href":"https:\/\/www.portalalerta.com.br\/index.php\/wp-json\/wp\/v2\/media?parent=9249"}],"wp:term":[{"taxonomy":"category","embeddable":true,"href":"https:\/\/www.portalalerta.com.br\/index.php\/wp-json\/wp\/v2\/categories?post=9249"},{"taxonomy":"post_tag","embeddable":true,"href":"https:\/\/www.portalalerta.com.br\/index.php\/wp-json\/wp\/v2\/tags?post=9249"}],"curies":[{"name":"wp","href":"https:\/\/api.w.org\/{rel}","templated":true}]}}