{"id":9256,"date":"2018-07-23T12:27:47","date_gmt":"2018-07-23T15:27:47","guid":{"rendered":"http:\/\/www.portalalerta.com.br\/?p=9256"},"modified":"2018-07-23T12:27:47","modified_gmt":"2018-07-23T15:27:47","slug":"pstu-oficializa-vera-lucia-para-disputa-da-presidencia-da-republica","status":"publish","type":"post","link":"https:\/\/www.portalalerta.com.br\/index.php\/2018\/07\/23\/pstu-oficializa-vera-lucia-para-disputa-da-presidencia-da-republica\/","title":{"rendered":"PSTU oficializa Vera L\u00facia para disputa da Presid\u00eancia da Rep\u00fablica"},"content":{"rendered":"<p style=\"text-align: justify;\">O\u00a0Partido Socialista dos Trabalhadores Unificado (PSTU) divulgou na sexta-feira (20), durante conven\u00e7\u00e3o no Sindicato dos Metrovi\u00e1rios de S\u00e3o Paulo, no Tatuap\u00e9, a candidatura de Vera L\u00facia \u00e0 Presid\u00eancia da Rep\u00fablica nas\u00a0elei\u00e7\u00f5es de outubro. O professor Hertz Dias, da rede p\u00fablica do Maranh\u00e3o, foi anunciado como vice pelo partido. N\u00e3o haver\u00e1 coliga\u00e7\u00e3o no PSTU.<!--more--><\/p>\n<p style=\"text-align: justify;\"><img decoding=\"async\" class=\"size-full wp-image-2814 alignleft\" src=\"http:\/\/www.portalalerta.com.br\/wp-content\/uploads\/2017\/11\/banner9.png\" alt=\"\" width=\"270\" height=\"174\" srcset=\"https:\/\/www.portalalerta.com.br\/wp-content\/uploads\/2017\/11\/banner9.png 270w, https:\/\/www.portalalerta.com.br\/wp-content\/uploads\/2017\/11\/banner9-227x146.png 227w, https:\/\/www.portalalerta.com.br\/wp-content\/uploads\/2017\/11\/banner9-50x32.png 50w, https:\/\/www.portalalerta.com.br\/wp-content\/uploads\/2017\/11\/banner9-116x75.png 116w\" sizes=\"(max-width: 270px) 100vw, 270px\" \/>Durante a conven\u00e7\u00e3o, Vera disse que, se eleita, ir\u00e1 atuar pela defesa dos direitos trabalhistas em por mais igualdade social. &#8220;A tarefa do nosso partido nas elei\u00e7\u00f5es \u00e9 chamar a nossa classe para lutar. O nosso programa n\u00e3o \u00e9 um programa eleitoral, mostra a sa\u00edda dos problemas da nossa classe trabalhadora e os mais pobres que s\u00e3o os respons\u00e1veis pela produ\u00e7\u00e3o das riquezas desse pa\u00eds. A burguesia se junta para tirar direitos trabalhistas.&#8221;<\/p>\n<p style=\"text-align: justify;\">Vera L\u00facia, 50 anos, militou no PT, mas foi expulsa do partido em 1992 junto com integrantes do grupo pol\u00edtico Converg\u00eancia Socialista, que anos depois fundou o PSTU. Ela foi candidata a prefeita de Aracaju em 2012 e \u00e9 graduada em Ci\u00eancias Sociais pela Universidade Federal de Sergipe (UFS).<\/p>\n<p style=\"text-align: justify;\">Hertz Dias, 47 anos, \u00e9 militante do movimento negro e integrante do grupo G\u00edria Vermelha, que comp\u00f5e can\u00e7\u00f5es de protesto.<\/p>\n<p style=\"text-align: justify;\">A conven\u00e7\u00e3o apresentou tamb\u00e9m por aclama\u00e7\u00e3o o candidato ao Governo do Estado de S\u00e3o Paulo, Toninho Ferreira e Ariana Gon\u00e7alves vice.<\/p>\n<p style=\"text-align: justify;\"><em>Fonte: Banza\u00ea News<\/em><\/p>\n<p style=\"text-align: justify;\"><em>Com Informa\u00e7\u00f5es e foto: G1<\/em><\/p>\n","protected":false},"excerpt":{"rendered":"<p>O\u00a0Partido Socialista dos Trabalhadores Unificado (PSTU) divulgou na sexta-feira (20), durante conven\u00e7\u00e3o no Sindicato dos Metrovi\u00e1rios de S\u00e3o Paulo, no Tatuap\u00e9, a candidatura de Vera L\u00facia \u00e0 Presid\u00eancia da Rep\u00fablica nas\u00a0elei\u00e7\u00f5es de outubro. O professor Hertz Dias, da rede p\u00fablica do Maranh\u00e3o, foi anunciado como vice pelo partido. N\u00e3o haver\u00e1 coliga\u00e7\u00e3o no PSTU.<\/p>\n","protected":false},"author":2,"featured_media":9257,"comment_status":"closed","ping_status":"open","sticky":false,"template":"","format":"standard","meta":{"om_disable_all_campaigns":false,"_monsterinsights_skip_tracking":false,"_monsterinsights_sitenote_active":false,"_monsterinsights_sitenote_note":"","_monsterinsights_sitenote_category":0,"footnotes":""},"categories":[34,70,69,21],"tags":[124,876,381,94,1391,1392],"class_list":["post-9256","post","type-post","status-publish","format-standard","has-post-thumbnail","hentry","category-brasil","category-destaques","category-noticias2","category-politica","tag-124","tag-candidatura","tag-eleicoes","tag-presidente","tag-pstu","tag-vera-lucia"],"aioseo_notices":[],"_links":{"self":[{"href":"https:\/\/www.portalalerta.com.br\/index.php\/wp-json\/wp\/v2\/posts\/9256","targetHints":{"allow":["GET"]}}],"collection":[{"href":"https:\/\/www.portalalerta.com.br\/index.php\/wp-json\/wp\/v2\/posts"}],"about":[{"href":"https:\/\/www.portalalerta.com.br\/index.php\/wp-json\/wp\/v2\/types\/post"}],"author":[{"embeddable":true,"href":"https:\/\/www.portalalerta.com.br\/index.php\/wp-json\/wp\/v2\/users\/2"}],"replies":[{"embeddable":true,"href":"https:\/\/www.portalalerta.com.br\/index.php\/wp-json\/wp\/v2\/comments?post=9256"}],"version-history":[{"count":0,"href":"https:\/\/www.portalalerta.com.br\/index.php\/wp-json\/wp\/v2\/posts\/9256\/revisions"}],"wp:featuredmedia":[{"embeddable":true,"href":"https:\/\/www.portalalerta.com.br\/index.php\/wp-json\/wp\/v2\/media\/9257"}],"wp:attachment":[{"href":"https:\/\/www.portalalerta.com.br\/index.php\/wp-json\/wp\/v2\/media?parent=9256"}],"wp:term":[{"taxonomy":"category","embeddable":true,"href":"https:\/\/www.portalalerta.com.br\/index.php\/wp-json\/wp\/v2\/categories?post=9256"},{"taxonomy":"post_tag","embeddable":true,"href":"https:\/\/www.portalalerta.com.br\/index.php\/wp-json\/wp\/v2\/tags?post=9256"}],"curies":[{"name":"wp","href":"https:\/\/api.w.org\/{rel}","templated":true}]}}