{"id":9259,"date":"2018-07-23T12:38:18","date_gmt":"2018-07-23T15:38:18","guid":{"rendered":"http:\/\/www.portalalerta.com.br\/?p=9259"},"modified":"2018-07-23T12:38:18","modified_gmt":"2018-07-23T15:38:18","slug":"acidente-com-ambulancia-de-coronel-joao-sa-ba-deixa-tres-mortos","status":"publish","type":"post","link":"https:\/\/www.portalalerta.com.br\/index.php\/2018\/07\/23\/acidente-com-ambulancia-de-coronel-joao-sa-ba-deixa-tres-mortos\/","title":{"rendered":"Acidente com ambul\u00e2ncia de Coronel Jo\u00e3o S\u00e1-BA, deixa tr\u00eas mortos"},"content":{"rendered":"<p style=\"text-align: justify;\">Um grave acidente ocorreu no in\u00edcio da noite de s\u00e1bado (21), na BR-235, pr\u00f3ximo ao povoado Mocambo, munic\u00edpio de Frei Paulo-SE, a 96 km de Aracaju-SE. Segundo informa\u00e7\u00f5es da Policia Rodovi\u00e1ria Federal (PRF), tr\u00eas pessoas morreram no local e duas ficaram feridas. O condutor da moto foi identificado como Davis dos Santos, de 29 anos. Dioran Andrade da Silva, de 28 anos dirigia a ambul\u00e2ncia e Edilberto Nunes, de 61 anos era um dos passageiros que vieram a \u00f3bito no local.\u00a0<!--more--><\/p>\n<p style=\"text-align: justify;\"><img fetchpriority=\"high\" decoding=\"async\" class=\"size-full wp-image-2902 alignleft\" src=\"http:\/\/www.portalalerta.com.br\/wp-content\/uploads\/2017\/11\/elab-2.jpg\" alt=\"\" width=\"310\" height=\"200\" srcset=\"https:\/\/www.portalalerta.com.br\/wp-content\/uploads\/2017\/11\/elab-2.jpg 310w, https:\/\/www.portalalerta.com.br\/wp-content\/uploads\/2017\/11\/elab-2-226x146.jpg 226w, https:\/\/www.portalalerta.com.br\/wp-content\/uploads\/2017\/11\/elab-2-50x32.jpg 50w, https:\/\/www.portalalerta.com.br\/wp-content\/uploads\/2017\/11\/elab-2-116x75.jpg 116w\" sizes=\"(max-width: 310px) 100vw, 310px\" \/>Enquanto os outros passageiros da ambul\u00e2ncia tiveram leves escoria\u00e7\u00f5es pelo corpo. Informa\u00e7\u00f5es preliminares d\u00e3o conta que o motociclista teria causado o acidente quando teria invadido a contram\u00e3o, fazendo com que o motorista da ambul\u00e2ncia tentasse evitar a colis\u00e3o, sendo inevit\u00e1vel o acidente fatal.<\/p>\n<p style=\"text-align: justify;\">Segundo informa\u00e7\u00f5es de pessoas\u00a0pr\u00f3ximas, o farol da moto\u00a0n\u00e3o estava funcionando, o que segundo a pol\u00edcia, pode ter dificultado a visibilidade do motorista da ambul\u00e2ncia\u00a0que pertence a Secretaria de Sa\u00fade de munic\u00edpio de Coronel Jo\u00e3o S\u00e1-BA. De acordo com informa\u00e7\u00f5es preliminares, o motorista da ambul\u00e2ncia n\u00e3o usava o cinto de seguran\u00e7a.\u00a0Os ocupantes da ambul\u00e2ncia eram pacientes que tinham acabado de receber alta hospitalar e estavam a caminho da cidade de Coronel Jo\u00e3o S\u00e1-BA.<\/p>\n<p style=\"text-align: justify;\"><em>Fonte: Joilson Costa<\/em><\/p>\n<p style=\"text-align: justify;\"><em>Com informa\u00e7\u00f5es: Carlino Souza<\/em><\/p>\n","protected":false},"excerpt":{"rendered":"<p>Um grave acidente ocorreu no in\u00edcio da noite de s\u00e1bado (21), na BR-235, pr\u00f3ximo ao povoado Mocambo, munic\u00edpio de Frei Paulo-SE, a 96 km de Aracaju-SE. Segundo informa\u00e7\u00f5es da Policia Rodovi\u00e1ria Federal (PRF), tr\u00eas pessoas morreram no local e duas ficaram feridas. O condutor da moto foi identificado como Davis dos Santos, de 29 anos. &hellip;<\/p>\n","protected":false},"author":2,"featured_media":9260,"comment_status":"closed","ping_status":"open","sticky":false,"template":"","format":"standard","meta":{"om_disable_all_campaigns":false,"_monsterinsights_skip_tracking":false,"_monsterinsights_sitenote_active":false,"_monsterinsights_sitenote_note":"","_monsterinsights_sitenote_category":0,"footnotes":""},"categories":[33,34,70,69,19],"tags":[166,1215,1393,312,1394,608,433],"class_list":["post-9259","post","type-post","status-publish","format-standard","has-post-thumbnail","hentry","category-bahia","category-brasil","category-destaques","category-noticias2","category-saude","tag-acidente","tag-ambulancia","tag-br-235","tag-coronel-joao-sa","tag-frei-paulo-se","tag-mortos","tag-secretaria-de-saude"],"aioseo_notices":[],"_links":{"self":[{"href":"https:\/\/www.portalalerta.com.br\/index.php\/wp-json\/wp\/v2\/posts\/9259","targetHints":{"allow":["GET"]}}],"collection":[{"href":"https:\/\/www.portalalerta.com.br\/index.php\/wp-json\/wp\/v2\/posts"}],"about":[{"href":"https:\/\/www.portalalerta.com.br\/index.php\/wp-json\/wp\/v2\/types\/post"}],"author":[{"embeddable":true,"href":"https:\/\/www.portalalerta.com.br\/index.php\/wp-json\/wp\/v2\/users\/2"}],"replies":[{"embeddable":true,"href":"https:\/\/www.portalalerta.com.br\/index.php\/wp-json\/wp\/v2\/comments?post=9259"}],"version-history":[{"count":0,"href":"https:\/\/www.portalalerta.com.br\/index.php\/wp-json\/wp\/v2\/posts\/9259\/revisions"}],"wp:featuredmedia":[{"embeddable":true,"href":"https:\/\/www.portalalerta.com.br\/index.php\/wp-json\/wp\/v2\/media\/9260"}],"wp:attachment":[{"href":"https:\/\/www.portalalerta.com.br\/index.php\/wp-json\/wp\/v2\/media?parent=9259"}],"wp:term":[{"taxonomy":"category","embeddable":true,"href":"https:\/\/www.portalalerta.com.br\/index.php\/wp-json\/wp\/v2\/categories?post=9259"},{"taxonomy":"post_tag","embeddable":true,"href":"https:\/\/www.portalalerta.com.br\/index.php\/wp-json\/wp\/v2\/tags?post=9259"}],"curies":[{"name":"wp","href":"https:\/\/api.w.org\/{rel}","templated":true}]}}