{"id":9262,"date":"2018-07-23T12:55:07","date_gmt":"2018-07-23T15:55:07","guid":{"rendered":"http:\/\/www.portalalerta.com.br\/?p=9262"},"modified":"2018-07-23T12:55:07","modified_gmt":"2018-07-23T15:55:07","slug":"psl-oficializa-candidatura-de-jair-bolsonaro-a-presidencia","status":"publish","type":"post","link":"https:\/\/www.portalalerta.com.br\/index.php\/2018\/07\/23\/psl-oficializa-candidatura-de-jair-bolsonaro-a-presidencia\/","title":{"rendered":"PSL oficializa candidatura de Jair Bolsonaro \u00e0 Presid\u00eancia"},"content":{"rendered":"<p style=\"text-align: justify;\">Foi confirmado, na tarde deste domingo (22), o nome do deputado federal\u00a0Jair Bolsonaro, de 63 anos, como candidato do Partido Social Liberal (PSL) \u00e0 Presid\u00eancia da Rep\u00fablica nas Elei\u00e7\u00f5es 2018. Bolsonaro foi escolhido por aclama\u00e7\u00e3o de correligion\u00e1rios no encontro nacional da legenda, que ocorreu no Rio de Janeiro.<!--more--><\/p>\n<p style=\"text-align: justify;\">Durante o evento, n\u00e3o foi definido ou anunciado um nome para disputar o cargo de chefe do Executivo como vice-presidente de Bolsonaro. Segundo comunicado durante a conven\u00e7\u00e3o, o partido ir\u00e1 definir quem ser\u00e1 vice at\u00e9 o dia 5 de agosto.<\/p>\n<p style=\"text-align: justify;\">A advogada Janaina Paschoal (PSL), cotada para ser vice de Bolsonaro, participou do evento, mas disse que ainda est\u00e1 &#8220;dialogando&#8221; com a campanha do presidenci\u00e1vel. Al\u00e9m da advogada, Jair Bolsonaro foi acompanhado pelos filhos Carlos, Eduardo e Fl\u00e1vio.<\/p>\n<p style=\"text-align: justify;\"><img fetchpriority=\"high\" decoding=\"async\" class=\"size-thumbnail wp-image-4869 aligncenter\" src=\"http:\/\/www.portalalerta.com.br\/wp-content\/uploads\/2018\/02\/Auto-Escola-Nobre-720x181.jpg\" alt=\"\" width=\"720\" height=\"181\" srcset=\"https:\/\/www.portalalerta.com.br\/wp-content\/uploads\/2018\/02\/Auto-Escola-Nobre.jpg 720w, https:\/\/www.portalalerta.com.br\/wp-content\/uploads\/2018\/02\/Auto-Escola-Nobre-260x65.jpg 260w, https:\/\/www.portalalerta.com.br\/wp-content\/uploads\/2018\/02\/Auto-Escola-Nobre-50x13.jpg 50w, https:\/\/www.portalalerta.com.br\/wp-content\/uploads\/2018\/02\/Auto-Escola-Nobre-150x38.jpg 150w\" sizes=\"(max-width: 720px) 100vw, 720px\" \/>Agora candidato \u00e0 Presid\u00eancia, Bolsonaro chegou ao Centro de Conven\u00e7\u00f5es Sulam\u00e9rica, na Cidade Nova, acompanhado pelo senador do Partido da Rep\u00fablica Magno Malta e tamb\u00e9m pelo general da reserva Augusto Heleno Ribeiro Pereira, do Ex\u00e9rcito.<\/p>\n<p style=\"text-align: justify;\">Em sua primeira fala como presidenci\u00e1vel, Bolsonaro agradeceu a Deus e destacou que, embora o PSL n\u00e3o seja um partido considerado grande, a legenda conta com apoio do &#8220;povo brasileiro&#8221;.<\/p>\n<p style=\"text-align: justify;\">&#8220;A partir desse momento, da confirma\u00e7\u00e3o da minha candidatura, passa a ser uma miss\u00e3o. Se estou aqui, \u00e9 porque acredito em voc\u00eas. Se voc\u00eas est\u00e3o aqui, \u00e9 porque acreditam no Brasil. N\u00e3o temos um grande partido, n\u00e3o temos fundo eleitoral, n\u00e3o temos tempo de televis\u00e3o. Mas temos o que os outros n\u00e3o t\u00eam, que s\u00e3o voc\u00eas, o povo brasileiro.&#8221;<\/p>\n<p style=\"text-align: justify;\">Antes do encontro, o presidente do PSL em S\u00e3o Paulo, Major Ol\u00edmpio, declarou que Bolsonaro \u00e9 &#8220;a grande for\u00e7a geradora de votos do partido&#8221;. Outros representantes, segundo ele, s\u00e3o apenas &#8220;figurantes&#8221;. &#8220;A grande for\u00e7a geradora de votos do partido \u00e9 o Bolsonaro. Qualquer outro filiado \u00e9 figura\u00e7\u00e3o&#8221;, disse.<\/p>\n<p style=\"text-align: justify;\">Trajet\u00f3ria<\/p>\n<p style=\"text-align: justify;\">Jair Bolsonaro nasceu em 21 de mar\u00e7o de 1955. \u00c9 natural de Campinas, interior de S\u00e3o Paulo. Militar da reserva, o pr\u00e9-candidato cumpre o s\u00e9timo mandato consecutivo como deputado federal. Em 5 de janeiro, o parlamentar deixou o Partido Social Crist\u00e3o (PSC) e anunciou que se filiaria ao PSL.<\/p>\n<p style=\"text-align: justify;\">Fonte: Banza\u00ea News<\/p>\n<p style=\"text-align: justify;\">Com Informa\u00e7\u00f5es e foto: G1<\/p>\n","protected":false},"excerpt":{"rendered":"<p>Foi confirmado, na tarde deste domingo (22), o nome do deputado federal\u00a0Jair Bolsonaro, de 63 anos, como candidato do Partido Social Liberal (PSL) \u00e0 Presid\u00eancia da Rep\u00fablica nas Elei\u00e7\u00f5es 2018. Bolsonaro foi escolhido por aclama\u00e7\u00e3o de correligion\u00e1rios no encontro nacional da legenda, que ocorreu no Rio de Janeiro.<\/p>\n","protected":false},"author":2,"featured_media":9263,"comment_status":"closed","ping_status":"open","sticky":false,"template":"","format":"standard","meta":{"om_disable_all_campaigns":false,"_monsterinsights_skip_tracking":false,"_monsterinsights_sitenote_active":false,"_monsterinsights_sitenote_note":"","_monsterinsights_sitenote_category":0,"footnotes":""},"categories":[34,70,69,21],"tags":[124,876,381,1395,94,1396],"class_list":["post-9262","post","type-post","status-publish","format-standard","has-post-thumbnail","hentry","category-brasil","category-destaques","category-noticias2","category-politica","tag-124","tag-candidatura","tag-eleicoes","tag-jair-bolsonaro","tag-presidente","tag-psl"],"aioseo_notices":[],"_links":{"self":[{"href":"https:\/\/www.portalalerta.com.br\/index.php\/wp-json\/wp\/v2\/posts\/9262","targetHints":{"allow":["GET"]}}],"collection":[{"href":"https:\/\/www.portalalerta.com.br\/index.php\/wp-json\/wp\/v2\/posts"}],"about":[{"href":"https:\/\/www.portalalerta.com.br\/index.php\/wp-json\/wp\/v2\/types\/post"}],"author":[{"embeddable":true,"href":"https:\/\/www.portalalerta.com.br\/index.php\/wp-json\/wp\/v2\/users\/2"}],"replies":[{"embeddable":true,"href":"https:\/\/www.portalalerta.com.br\/index.php\/wp-json\/wp\/v2\/comments?post=9262"}],"version-history":[{"count":0,"href":"https:\/\/www.portalalerta.com.br\/index.php\/wp-json\/wp\/v2\/posts\/9262\/revisions"}],"wp:featuredmedia":[{"embeddable":true,"href":"https:\/\/www.portalalerta.com.br\/index.php\/wp-json\/wp\/v2\/media\/9263"}],"wp:attachment":[{"href":"https:\/\/www.portalalerta.com.br\/index.php\/wp-json\/wp\/v2\/media?parent=9262"}],"wp:term":[{"taxonomy":"category","embeddable":true,"href":"https:\/\/www.portalalerta.com.br\/index.php\/wp-json\/wp\/v2\/categories?post=9262"},{"taxonomy":"post_tag","embeddable":true,"href":"https:\/\/www.portalalerta.com.br\/index.php\/wp-json\/wp\/v2\/tags?post=9262"}],"curies":[{"name":"wp","href":"https:\/\/api.w.org\/{rel}","templated":true}]}}