{"id":9295,"date":"2018-07-24T02:49:29","date_gmt":"2018-07-24T05:49:29","guid":{"rendered":"http:\/\/www.portalalerta.com.br\/?p=9295"},"modified":"2018-07-24T02:49:29","modified_gmt":"2018-07-24T05:49:29","slug":"acidente-de-transito-deixa-motociclista-gravemente-ferido-em-ribeira-do-pombal-ba-um-dos-condutores-e-menor-de-idade","status":"publish","type":"post","link":"https:\/\/www.portalalerta.com.br\/index.php\/2018\/07\/24\/acidente-de-transito-deixa-motociclista-gravemente-ferido-em-ribeira-do-pombal-ba-um-dos-condutores-e-menor-de-idade\/","title":{"rendered":"Acidente de Tr\u00e2nsito deixa motociclista gravemente ferido em Ribeira do Pombal-BA. Um dos condutores \u00e9 menor de idade"},"content":{"rendered":"<p style=\"text-align: justify;\">Por volta das 14:00hs do \u00faltimo domingo, 22, um acidente de tr\u00e2nsito envolvendo duas motocicletas deixou um dos condutores gravemente ferido.<!--more--><\/p>\n<p style=\"text-align: justify;\">O fato aconteceu na Av. Pedro Rodrigues da Concei\u00e7\u00e3o, antiga Hildete Lomanto, nas proximidades da sede da CIPE-Nordeste. De acordo com informa\u00e7\u00f5es preliminares, as duas motocicletas seguiam no mesmo sentido, quando colidiram. Guardas Municipais da cidade, bem como policiais militares, foram at\u00e9 o local, onde fizeram o isolamento, confeccionaram o Registro de Acidente de Tr\u00e2nsito, e auxiliaram no socorro \u00e0s v\u00edtimas, que foi realizado pela Associa\u00e7\u00e3o Nordeste de Resgate.<\/p>\n<p style=\"text-align: justify;\"><img fetchpriority=\"high\" decoding=\"async\" class=\"size-thumbnail wp-image-4869 aligncenter\" src=\"http:\/\/www.portalalerta.com.br\/wp-content\/uploads\/2018\/02\/Auto-Escola-Nobre-720x181.jpg\" alt=\"\" width=\"720\" height=\"181\" srcset=\"https:\/\/www.portalalerta.com.br\/wp-content\/uploads\/2018\/02\/Auto-Escola-Nobre.jpg 720w, https:\/\/www.portalalerta.com.br\/wp-content\/uploads\/2018\/02\/Auto-Escola-Nobre-260x65.jpg 260w, https:\/\/www.portalalerta.com.br\/wp-content\/uploads\/2018\/02\/Auto-Escola-Nobre-50x13.jpg 50w, https:\/\/www.portalalerta.com.br\/wp-content\/uploads\/2018\/02\/Auto-Escola-Nobre-150x38.jpg 150w\" sizes=\"(max-width: 720px) 100vw, 720px\" \/>A motocicleta Yamaha Crypton de cor verde, demais dados n\u00e3o informados, era conduzida por um menor de idade, de apenas 16 anos, enquanto o condutor da motocicleta Honda XRE de cor vermelha, demais n\u00e3o informados, se encontrava com a documenta\u00e7\u00e3o em dias. Com o impacto, um dos ve\u00edculos ficou bastante danificado (Foto capa).<\/p>\n<p style=\"text-align: justify;\">As v\u00edtimas foram socorridas para a Emerg\u00eancia do Hospital Geral Santa Tereza, onde o condutor da XRE teria afirmado n\u00e3o est\u00e1 sentindo as pernas. Ambos foram submetidos a exames, por\u00e9m n\u00e3o tiveram os quadros cl\u00ednicos divulgados.<\/p>\n<p style=\"text-align: justify;\">A \u00faltima informa\u00e7\u00e3o colhida por este canal de informa\u00e7\u00e3o, \u00e9 que a v\u00edtima mais grave, ainda se encontrava hospitalizada na manh\u00e3 de segunda-feira, 23.<\/p>\n<p style=\"text-align: justify;\">Nenhum dos envolvidos tiveram seus respectivos nomes divulgados.<\/p>\n<p style=\"text-align: justify;\"><a href=\"http:\/\/www.facebook.com.br\/pombalalerta\"><strong>Curta nossa p\u00e1gina no facebook, e continue atualizado sobre tudo o que acontece em sua cidade!<\/strong><\/a><\/p>\n<p style=\"text-align: justify;\"><a href=\"https:\/\/play.google.com\/store\/apps\/details?id=com.globalstore.pombalalerta&amp;hl=pt_BR\"><strong>Baixe o nosso aplicativo, e fique de olho na not\u00edcia!<\/strong><\/a><\/p>\n<p style=\"text-align: justify;\"><em>Reda\u00e7\u00e3o: Portal Alerta<\/em><\/p>\n","protected":false},"excerpt":{"rendered":"<p>Por volta das 14:00hs do \u00faltimo domingo, 22, um acidente de tr\u00e2nsito envolvendo duas motocicletas deixou um dos condutores gravemente ferido.<\/p>\n","protected":false},"author":2,"featured_media":9296,"comment_status":"closed","ping_status":"open","sticky":false,"template":"","format":"standard","meta":{"om_disable_all_campaigns":false,"_monsterinsights_skip_tracking":false,"_monsterinsights_sitenote_active":false,"_monsterinsights_sitenote_note":"","_monsterinsights_sitenote_category":0,"footnotes":""},"categories":[70,69,32,3],"tags":[166,299,151,47],"class_list":["post-9295","post","type-post","status-publish","format-standard","has-post-thumbnail","hentry","category-destaques","category-noticias2","category-regiao","category-ribeira-do-pombal","tag-acidente","tag-ferido","tag-hgst","tag-ribeira-do-pombal"],"aioseo_notices":[],"_links":{"self":[{"href":"https:\/\/www.portalalerta.com.br\/index.php\/wp-json\/wp\/v2\/posts\/9295","targetHints":{"allow":["GET"]}}],"collection":[{"href":"https:\/\/www.portalalerta.com.br\/index.php\/wp-json\/wp\/v2\/posts"}],"about":[{"href":"https:\/\/www.portalalerta.com.br\/index.php\/wp-json\/wp\/v2\/types\/post"}],"author":[{"embeddable":true,"href":"https:\/\/www.portalalerta.com.br\/index.php\/wp-json\/wp\/v2\/users\/2"}],"replies":[{"embeddable":true,"href":"https:\/\/www.portalalerta.com.br\/index.php\/wp-json\/wp\/v2\/comments?post=9295"}],"version-history":[{"count":0,"href":"https:\/\/www.portalalerta.com.br\/index.php\/wp-json\/wp\/v2\/posts\/9295\/revisions"}],"wp:featuredmedia":[{"embeddable":true,"href":"https:\/\/www.portalalerta.com.br\/index.php\/wp-json\/wp\/v2\/media\/9296"}],"wp:attachment":[{"href":"https:\/\/www.portalalerta.com.br\/index.php\/wp-json\/wp\/v2\/media?parent=9295"}],"wp:term":[{"taxonomy":"category","embeddable":true,"href":"https:\/\/www.portalalerta.com.br\/index.php\/wp-json\/wp\/v2\/categories?post=9295"},{"taxonomy":"post_tag","embeddable":true,"href":"https:\/\/www.portalalerta.com.br\/index.php\/wp-json\/wp\/v2\/tags?post=9295"}],"curies":[{"name":"wp","href":"https:\/\/api.w.org\/{rel}","templated":true}]}}